{"id":11285,"date":"2017-06-12T10:53:43","date_gmt":"2017-06-12T08:53:43","guid":{"rendered":"https:\/\/www.slt.vr.it\/curiosi-e-coraggiosi-questo-il-futuro-delle-professio\/"},"modified":"2019-01-18T17:52:43","modified_gmt":"2019-01-18T16:52:43","slug":"the-future-of-the-professions","status":"publish","type":"post","link":"https:\/\/www.slt.vr.it\/en\/the-future-of-the-professions\/","title":{"rendered":"Curious and courageous, this is the future of the professions"},"content":{"rendered":"<div class=\"pdfprnt-buttons pdfprnt-buttons-post pdfprnt-top-right\"><a href=\"javascript: imageToPdf()\" class=\"pdfprnt-button pdfprnt-button-pdf\" target=\"_self\"><img decoding=\"async\" src=\"https:\/\/www.slt.vr.it\/wp-content\/plugins\/pdf-print\/images\/pdf.png\" alt=\"image_pdf\" title=\"View PDF\" \/><span class=\"pdfprnt-button-title pdfprnt-button-pdf-title\">Crea PDF<\/span><\/a><a href=\"https:\/\/www.slt.vr.it\/en\/wp-json\/wp\/v2\/posts\/11285?print=print\" class=\"pdfprnt-button pdfprnt-button-print\" target=\"_blank\"><img decoding=\"async\" src=\"https:\/\/www.slt.vr.it\/wp-content\/plugins\/pdf-print\/images\/print.png\" alt=\"image_print\" title=\"Print Content\" \/><span class=\"pdfprnt-button-title pdfprnt-button-print-title\">Stampa<\/span><\/a><\/div><p>A restarting plan business-case gave me the opportunity during\u00a0GGI European Conference to talk about innovation in the advisory world.<\/p>\n<p>Even big advisory companies usually suggest their clients to focus on innovation and on customers requests, to improve their market position and competitiveness.<\/p>\n<p>But, are we sure the teacher runs better than the pupil? Just giving a look to most famous and big law firms in Europe, the perception I had is that they have always been focused on services they were skilled on. A kind of product oriented (or I would say service oriented) approach, assuming the market is able to understand how and when those services could be useful or not.<\/p>\n<p>Time flies and customer\u2019s requests change. A question we were asked a couple of weeks ago is \u201chow to reduce the supply chain, what business model to be used, or technical plant solution to be selected\u201d. Financial support and legal solutions become needed only when the project globally seems to make sense. Our customer didn\u2019t care what skills or professionals were needed, he asked for <strong>reliable answer<\/strong> to a <strong>complicated question<\/strong>, at a <strong>reasonable price<\/strong>.<\/p>\n<p>Advisors are asked to modify their approach, from <strong>services oriented <\/strong>to <strong>client<\/strong> and <strong>problem solving<\/strong> <strong>oriented<\/strong>. less talented and instinctive, and much more managerial and organized, with internal structure and functions. Even different professional skills can be included in the same advisory company, as they are useful to fit customers needs and to get enterprise value empowering solutions.<\/p>\n<p>What advisory companies need, finally, to increase customer sensitivity, and managing attitude. From this angle dimension makes investments in innovation and communication possible, and creates specialized skills, needed to answer customers requests. Managing attitude creates efficiency and rules, to have a competitive machine in place.<\/p>\n<p>It is an awesome opportunity for the future, together with an exiting challenge. As in the middle 1970&#8217;s, we should stay hungry, and foolish.<\/p>\n<div class='avia-iframe-wrap'><iframe loading=\"lazy\" width=\"1500\" height=\"844\" src=\"https:\/\/www.youtube.com\/embed\/ydks3PKQDV8?feature=oembed\" frameborder=\"0\" allow=\"accelerometer; autoplay; encrypted-media; gyroscope; picture-in-picture\" allowfullscreen><\/iframe><\/div>\n<p>&nbsp;<\/p>\n<p>&nbsp;<\/p>\n","protected":false},"excerpt":{"rendered":"<p>A restarting plan business-case gave me the opportunity during\u00a0GGI European Conference to talk about innovation in the advisory world. Even big advisory companies usually suggest their clients to focus on innovation and on customers requests, to improve their market position and competitiveness. But, are we sure the teacher runs better than the pupil? Just [&hellip;]<\/p>\n","protected":false},"author":3,"featured_media":11287,"comment_status":"open","ping_status":"closed","sticky":false,"template":"","format":"standard","meta":{"footnotes":"","iawp_total_views":1},"categories":[658,641],"tags":[],"yoast_head":"<!-- This site is optimized with the Yoast SEO plugin v22.3 - https:\/\/yoast.com\/wordpress\/plugins\/seo\/ -->\n<title>Curious and courageous, this is the future of the professions - SLT Strategy Legal Tax<\/title>\n<meta name=\"description\" content=\"A restarting plan business-case gave me the opportunity during\u00a0GGI European Conference to talk about innovation in the advisory world.\" \/>\n<meta name=\"robots\" content=\"index, follow, max-snippet:-1, max-image-preview:large, max-video-preview:-1\" \/>\n<link rel=\"canonical\" href=\"https:\/\/www.slt.vr.it\/en\/the-future-of-the-professions\/\" \/>\n<meta property=\"og:locale\" content=\"en_US\" \/>\n<meta property=\"og:type\" content=\"article\" \/>\n<meta property=\"og:title\" content=\"Curious and courageous, this is the future of the professions\" \/>\n<meta property=\"og:description\" content=\"A restarting plan business-case gave me the opportunity during\u00a0GGI European Conference to talk about innovation in the advisory world.\" \/>\n<meta property=\"og:url\" content=\"https:\/\/www.slt.vr.it\/en\/the-future-of-the-professions\/\" \/>\n<meta property=\"og:site_name\" content=\"SLT Strategy Legal Tax\" \/>\n<meta property=\"article:published_time\" content=\"2017-06-12T08:53:43+00:00\" \/>\n<meta property=\"article:modified_time\" content=\"2019-01-18T16:52:43+00:00\" \/>\n<meta property=\"og:image\" content=\"https:\/\/www.slt.vr.it\/wp-content\/uploads\/2017\/06\/curiosity.jpg\" \/>\n\t<meta property=\"og:image:width\" content=\"259\" \/>\n\t<meta property=\"og:image:height\" content=\"194\" \/>\n\t<meta property=\"og:image:type\" content=\"image\/jpeg\" \/>\n<meta name=\"author\" content=\"Claudio Ceradini\" \/>\n<meta name=\"twitter:card\" content=\"summary_large_image\" \/>\n<meta name=\"twitter:title\" content=\"Curious and courageous, this is the future of the professions\" \/>\n<meta name=\"twitter:description\" content=\"A restarting plan business-case gave me the opportunity during\u00a0GGI European Conference to talk about innovation in the advisory world.\" \/>\n<meta name=\"twitter:image\" content=\"https:\/\/www.slt.vr.it\/wp-content\/uploads\/2017\/06\/curiosity.jpg\" \/>\n<meta name=\"twitter:creator\" content=\"@CeradiniClaudio\" \/>\n<meta name=\"twitter:label1\" content=\"Written by\" \/>\n\t<meta name=\"twitter:data1\" content=\"Claudio Ceradini\" \/>\n\t<meta name=\"twitter:label2\" content=\"Est. reading time\" \/>\n\t<meta name=\"twitter:data2\" content=\"2 minutes\" \/>\n<script type=\"application\/ld+json\" class=\"yoast-schema-graph\">{\"@context\":\"https:\/\/schema.org\",\"@graph\":[{\"@type\":\"Article\",\"@id\":\"https:\/\/www.slt.vr.it\/en\/the-future-of-the-professions\/#article\",\"isPartOf\":{\"@id\":\"https:\/\/www.slt.vr.it\/en\/the-future-of-the-professions\/\"},\"author\":{\"name\":\"Claudio Ceradini\",\"@id\":\"https:\/\/www.slt.vr.it\/en\/#\/schema\/person\/aa977ad960c3a37db64e0fa1976e13e3\"},\"headline\":\"Curious and courageous, this is the future of the professions\",\"datePublished\":\"2017-06-12T08:53:43+00:00\",\"dateModified\":\"2019-01-18T16:52:43+00:00\",\"mainEntityOfPage\":{\"@id\":\"https:\/\/www.slt.vr.it\/en\/the-future-of-the-professions\/\"},\"wordCount\":336,\"commentCount\":0,\"publisher\":{\"@id\":\"https:\/\/www.slt.vr.it\/en\/#organization\"},\"image\":{\"@id\":\"https:\/\/www.slt.vr.it\/en\/the-future-of-the-professions\/#primaryimage\"},\"thumbnailUrl\":\"https:\/\/www.slt.vr.it\/wp-content\/uploads\/2017\/06\/curiosity.jpg\",\"articleSection\":[\"Magazine-en\",\"Strategy-en\"],\"inLanguage\":\"en-US\",\"potentialAction\":[{\"@type\":\"CommentAction\",\"name\":\"Comment\",\"target\":[\"https:\/\/www.slt.vr.it\/en\/the-future-of-the-professions\/#respond\"]}]},{\"@type\":\"WebPage\",\"@id\":\"https:\/\/www.slt.vr.it\/en\/the-future-of-the-professions\/\",\"url\":\"https:\/\/www.slt.vr.it\/en\/the-future-of-the-professions\/\",\"name\":\"Curious and courageous, this is the future of the professions - SLT Strategy Legal Tax\",\"isPartOf\":{\"@id\":\"https:\/\/www.slt.vr.it\/en\/#website\"},\"primaryImageOfPage\":{\"@id\":\"https:\/\/www.slt.vr.it\/en\/the-future-of-the-professions\/#primaryimage\"},\"image\":{\"@id\":\"https:\/\/www.slt.vr.it\/en\/the-future-of-the-professions\/#primaryimage\"},\"thumbnailUrl\":\"https:\/\/www.slt.vr.it\/wp-content\/uploads\/2017\/06\/curiosity.jpg\",\"datePublished\":\"2017-06-12T08:53:43+00:00\",\"dateModified\":\"2019-01-18T16:52:43+00:00\",\"description\":\"A restarting plan business-case gave me the opportunity during\u00a0GGI European Conference to talk about innovation in the advisory world.\",\"breadcrumb\":{\"@id\":\"https:\/\/www.slt.vr.it\/en\/the-future-of-the-professions\/#breadcrumb\"},\"inLanguage\":\"en-US\",\"potentialAction\":[{\"@type\":\"ReadAction\",\"target\":[\"https:\/\/www.slt.vr.it\/en\/the-future-of-the-professions\/\"]}]},{\"@type\":\"ImageObject\",\"inLanguage\":\"en-US\",\"@id\":\"https:\/\/www.slt.vr.it\/en\/the-future-of-the-professions\/#primaryimage\",\"url\":\"https:\/\/www.slt.vr.it\/wp-content\/uploads\/2017\/06\/curiosity.jpg\",\"contentUrl\":\"https:\/\/www.slt.vr.it\/wp-content\/uploads\/2017\/06\/curiosity.jpg\",\"width\":259,\"height\":194,\"caption\":\"Il futuro delle professioni\"},{\"@type\":\"BreadcrumbList\",\"@id\":\"https:\/\/www.slt.vr.it\/en\/the-future-of-the-professions\/#breadcrumb\",\"itemListElement\":[{\"@type\":\"ListItem\",\"position\":1,\"name\":\"Home\",\"item\":\"https:\/\/www.slt.vr.it\/en\/\"},{\"@type\":\"ListItem\",\"position\":2,\"name\":\"Curious and courageous, this is the future of the professions\"}]},{\"@type\":\"WebSite\",\"@id\":\"https:\/\/www.slt.vr.it\/en\/#website\",\"url\":\"https:\/\/www.slt.vr.it\/en\/\",\"name\":\"SLT Strategy Legal Tax\",\"description\":\"\",\"publisher\":{\"@id\":\"https:\/\/www.slt.vr.it\/en\/#organization\"},\"potentialAction\":[{\"@type\":\"SearchAction\",\"target\":{\"@type\":\"EntryPoint\",\"urlTemplate\":\"https:\/\/www.slt.vr.it\/en\/?s={search_term_string}\"},\"query-input\":\"required name=search_term_string\"}],\"inLanguage\":\"en-US\"},{\"@type\":\"Organization\",\"@id\":\"https:\/\/www.slt.vr.it\/en\/#organization\",\"name\":\"SLT Strategy Legal Tax\",\"url\":\"https:\/\/www.slt.vr.it\/en\/\",\"logo\":{\"@type\":\"ImageObject\",\"inLanguage\":\"en-US\",\"@id\":\"https:\/\/www.slt.vr.it\/en\/#\/schema\/logo\/image\/\",\"url\":\"https:\/\/www.slt.vr.it\/wp-content\/uploads\/2015\/10\/SLT-Strategy-Legal-Tax.jpg\",\"contentUrl\":\"https:\/\/www.slt.vr.it\/wp-content\/uploads\/2015\/10\/SLT-Strategy-Legal-Tax.jpg\",\"width\":372,\"height\":336,\"caption\":\"SLT Strategy Legal Tax\"},\"image\":{\"@id\":\"https:\/\/www.slt.vr.it\/en\/#\/schema\/logo\/image\/\"}},{\"@type\":\"Person\",\"@id\":\"https:\/\/www.slt.vr.it\/en\/#\/schema\/person\/aa977ad960c3a37db64e0fa1976e13e3\",\"name\":\"Claudio Ceradini\",\"image\":{\"@type\":\"ImageObject\",\"inLanguage\":\"en-US\",\"@id\":\"https:\/\/www.slt.vr.it\/en\/#\/schema\/person\/image\/\",\"url\":\"https:\/\/secure.gravatar.com\/avatar\/9ca63db7865b070fe695f870a14e9659?s=96&r=g\",\"contentUrl\":\"https:\/\/secure.gravatar.com\/avatar\/9ca63db7865b070fe695f870a14e9659?s=96&r=g\",\"caption\":\"Claudio Ceradini\"},\"description\":\"Pubblicista, Dottore Commercialista, Revisore Legale dei Conti ha maturato la propria esperienza negli anni successivi alla laurea presso lo studio del Prof. Massimo Saita, Ordinario di Ragioneria Generale presso l'Universit\u00e0 degli Studi di Milano, lavorando sin da allora nelle aree M&amp;A, operazioni straordinarie, pianificazione economico-finanziaria. Docente a Contratto per anni in Strategie e Politiche Aziendali, Pianificazione e Controllo e Accounting for capital Market presso la facolt\u00e0 di Economia dell'Universit\u00e0 degli Studi di Verona. Oggi si occupa principalmente di M&amp;A, progetti di sviluppo aziendale, operazioni straordinarie, risanamento d'impresa e piani di re-start, pianificazione economica e finanziaria, passaggi generazionali. Pubblica abitualmente su Il Sole 24 Ore e riviste specialistiche del gruppo, per il quale \u00e8 relatore in convegni e conferenze. E' Direttore Responsabile della rivista \\\"Diritto della Crisi\\\" e Presidente Europeo del Debt Collection, Restructuring &amp; Insolvency PG di GGI. - Profession: Chartered Accountant Areas of expertise : M&amp;A, business plans, Assistance to globalization of the activity - ww specialized assistance with GGI, Control of management and reporting costs. Chartered Accountant, Auditor of Accounts, after his congratulation, he gained experience working with Prof. Massimo Saita, Professor of General Accounting at the University of Milan. Since then, he has worked in the M&amp;A areas, extraordinary operations, economic-financial planning. A lecturer for years in Business Strategies and Policies, Planning and Control and Accounting for capital Market at the Faculty of Economics of the University of Verona. Currently, he mainly deals with M&amp;A, re-organization and re-start plans for companies and individuals, economic and financial planning in teams with strategy and marketing professionals, generational transfers, extraordinary operations, tax and corporate consultancy. He regularly publishes in Il Sole 24 Ore and specialized magazines of the group and participates in conference activities. - Wirtschaftspr\u00fcfer FachgebieteM &amp; A, Businessplan, Unterst\u00fctzung bei der Globalisierung der T\u00e4tigkeit spezialisierte Unterst\u00fctzung ww mit GGI, Management Kostenkontrolle und Reporting. Chartered Accountant, Auditor, sammelte seine Erfahrungen in den Jahren nach dem Studium im B\u00fcro von Prof. Massimo Saita, Professor f\u00fcr Allgemeines Rechnungswesen an der Universit\u00e4t Mailand, und arbeitet seither in den Bereichen M&amp;A, au\u00dferordentliche Transaktionen, Wirtschafts- und Finanzplanung. Langj\u00e4hriger Vertragsprofessor f\u00fcr Unternehmensstrategien und -politiken, Planung und Kontrolle sowie Rechnungswesen f\u00fcr Kapitalm\u00e4rkte an der Fakult\u00e4t f\u00fcr Wirtschaftswissenschaften der Universit\u00e4t Verona. Heute besch\u00e4ftigt er sich haupts\u00e4chlich mit M&amp;A, Turnaround- und Re-Start-Pl\u00e4nen, f\u00fcr Unternehmen und Einzelpersonen, Wirtschafts- und Finanzplanung im Team mit Strategie- und Marketingexperten, Generationswechsel, au\u00dfergew\u00f6hnlichen Transaktionen, Steuer- und Unternehmensberatung. Er publiziert regelm\u00e4\u00dfig in Il Sole 24 Ore und in den Fachzeitschriften der Gruppe, f\u00fcr die er auch als Sprecher t\u00e4tig ist.\",\"sameAs\":[\"https:\/\/it.linkedin.com\/pub\/claudio-ceradini\/27\/608\/1\/en\",\"https:\/\/twitter.com\/@CeradiniClaudio\"],\"url\":\"https:\/\/www.slt.vr.it\/en\/author\/claudio-ceradini\/\"}]}<\/script>\n<!-- \/ Yoast SEO plugin. -->","yoast_head_json":{"title":"Curious and courageous, this is the future of the professions - SLT Strategy Legal Tax","description":"A restarting plan business-case gave me the opportunity during\u00a0GGI European Conference to talk about innovation in the advisory world.","robots":{"index":"index","follow":"follow","max-snippet":"max-snippet:-1","max-image-preview":"max-image-preview:large","max-video-preview":"max-video-preview:-1"},"canonical":"https:\/\/www.slt.vr.it\/en\/the-future-of-the-professions\/","og_locale":"en_US","og_type":"article","og_title":"Curious and courageous, this is the future of the professions","og_description":"A restarting plan business-case gave me the opportunity during\u00a0GGI European Conference to talk about innovation in the advisory world.","og_url":"https:\/\/www.slt.vr.it\/en\/the-future-of-the-professions\/","og_site_name":"SLT Strategy Legal Tax","article_published_time":"2017-06-12T08:53:43+00:00","article_modified_time":"2019-01-18T16:52:43+00:00","og_image":[{"width":259,"height":194,"url":"https:\/\/www.slt.vr.it\/wp-content\/uploads\/2017\/06\/curiosity.jpg","type":"image\/jpeg"}],"author":"Claudio Ceradini","twitter_card":"summary_large_image","twitter_title":"Curious and courageous, this is the future of the professions","twitter_description":"A restarting plan business-case gave me the opportunity during\u00a0GGI European Conference to talk about innovation in the advisory world.","twitter_image":"https:\/\/www.slt.vr.it\/wp-content\/uploads\/2017\/06\/curiosity.jpg","twitter_creator":"@CeradiniClaudio","twitter_misc":{"Written by":"Claudio Ceradini","Est. reading time":"2 minutes"},"schema":{"@context":"https:\/\/schema.org","@graph":[{"@type":"Article","@id":"https:\/\/www.slt.vr.it\/en\/the-future-of-the-professions\/#article","isPartOf":{"@id":"https:\/\/www.slt.vr.it\/en\/the-future-of-the-professions\/"},"author":{"name":"Claudio Ceradini","@id":"https:\/\/www.slt.vr.it\/en\/#\/schema\/person\/aa977ad960c3a37db64e0fa1976e13e3"},"headline":"Curious and courageous, this is the future of the professions","datePublished":"2017-06-12T08:53:43+00:00","dateModified":"2019-01-18T16:52:43+00:00","mainEntityOfPage":{"@id":"https:\/\/www.slt.vr.it\/en\/the-future-of-the-professions\/"},"wordCount":336,"commentCount":0,"publisher":{"@id":"https:\/\/www.slt.vr.it\/en\/#organization"},"image":{"@id":"https:\/\/www.slt.vr.it\/en\/the-future-of-the-professions\/#primaryimage"},"thumbnailUrl":"https:\/\/www.slt.vr.it\/wp-content\/uploads\/2017\/06\/curiosity.jpg","articleSection":["Magazine-en","Strategy-en"],"inLanguage":"en-US","potentialAction":[{"@type":"CommentAction","name":"Comment","target":["https:\/\/www.slt.vr.it\/en\/the-future-of-the-professions\/#respond"]}]},{"@type":"WebPage","@id":"https:\/\/www.slt.vr.it\/en\/the-future-of-the-professions\/","url":"https:\/\/www.slt.vr.it\/en\/the-future-of-the-professions\/","name":"Curious and courageous, this is the future of the professions - SLT Strategy Legal Tax","isPartOf":{"@id":"https:\/\/www.slt.vr.it\/en\/#website"},"primaryImageOfPage":{"@id":"https:\/\/www.slt.vr.it\/en\/the-future-of-the-professions\/#primaryimage"},"image":{"@id":"https:\/\/www.slt.vr.it\/en\/the-future-of-the-professions\/#primaryimage"},"thumbnailUrl":"https:\/\/www.slt.vr.it\/wp-content\/uploads\/2017\/06\/curiosity.jpg","datePublished":"2017-06-12T08:53:43+00:00","dateModified":"2019-01-18T16:52:43+00:00","description":"A restarting plan business-case gave me the opportunity during\u00a0GGI European Conference to talk about innovation in the advisory world.","breadcrumb":{"@id":"https:\/\/www.slt.vr.it\/en\/the-future-of-the-professions\/#breadcrumb"},"inLanguage":"en-US","potentialAction":[{"@type":"ReadAction","target":["https:\/\/www.slt.vr.it\/en\/the-future-of-the-professions\/"]}]},{"@type":"ImageObject","inLanguage":"en-US","@id":"https:\/\/www.slt.vr.it\/en\/the-future-of-the-professions\/#primaryimage","url":"https:\/\/www.slt.vr.it\/wp-content\/uploads\/2017\/06\/curiosity.jpg","contentUrl":"https:\/\/www.slt.vr.it\/wp-content\/uploads\/2017\/06\/curiosity.jpg","width":259,"height":194,"caption":"Il futuro delle professioni"},{"@type":"BreadcrumbList","@id":"https:\/\/www.slt.vr.it\/en\/the-future-of-the-professions\/#breadcrumb","itemListElement":[{"@type":"ListItem","position":1,"name":"Home","item":"https:\/\/www.slt.vr.it\/en\/"},{"@type":"ListItem","position":2,"name":"Curious and courageous, this is the future of the professions"}]},{"@type":"WebSite","@id":"https:\/\/www.slt.vr.it\/en\/#website","url":"https:\/\/www.slt.vr.it\/en\/","name":"SLT Strategy Legal Tax","description":"","publisher":{"@id":"https:\/\/www.slt.vr.it\/en\/#organization"},"potentialAction":[{"@type":"SearchAction","target":{"@type":"EntryPoint","urlTemplate":"https:\/\/www.slt.vr.it\/en\/?s={search_term_string}"},"query-input":"required name=search_term_string"}],"inLanguage":"en-US"},{"@type":"Organization","@id":"https:\/\/www.slt.vr.it\/en\/#organization","name":"SLT Strategy Legal Tax","url":"https:\/\/www.slt.vr.it\/en\/","logo":{"@type":"ImageObject","inLanguage":"en-US","@id":"https:\/\/www.slt.vr.it\/en\/#\/schema\/logo\/image\/","url":"https:\/\/www.slt.vr.it\/wp-content\/uploads\/2015\/10\/SLT-Strategy-Legal-Tax.jpg","contentUrl":"https:\/\/www.slt.vr.it\/wp-content\/uploads\/2015\/10\/SLT-Strategy-Legal-Tax.jpg","width":372,"height":336,"caption":"SLT Strategy Legal Tax"},"image":{"@id":"https:\/\/www.slt.vr.it\/en\/#\/schema\/logo\/image\/"}},{"@type":"Person","@id":"https:\/\/www.slt.vr.it\/en\/#\/schema\/person\/aa977ad960c3a37db64e0fa1976e13e3","name":"Claudio Ceradini","image":{"@type":"ImageObject","inLanguage":"en-US","@id":"https:\/\/www.slt.vr.it\/en\/#\/schema\/person\/image\/","url":"https:\/\/secure.gravatar.com\/avatar\/9ca63db7865b070fe695f870a14e9659?s=96&r=g","contentUrl":"https:\/\/secure.gravatar.com\/avatar\/9ca63db7865b070fe695f870a14e9659?s=96&r=g","caption":"Claudio Ceradini"},"description":"Pubblicista, Dottore Commercialista, Revisore Legale dei Conti ha maturato la propria esperienza negli anni successivi alla laurea presso lo studio del Prof. Massimo Saita, Ordinario di Ragioneria Generale presso l'Universit\u00e0 degli Studi di Milano, lavorando sin da allora nelle aree M&amp;A, operazioni straordinarie, pianificazione economico-finanziaria. Docente a Contratto per anni in Strategie e Politiche Aziendali, Pianificazione e Controllo e Accounting for capital Market presso la facolt\u00e0 di Economia dell'Universit\u00e0 degli Studi di Verona. Oggi si occupa principalmente di M&amp;A, progetti di sviluppo aziendale, operazioni straordinarie, risanamento d'impresa e piani di re-start, pianificazione economica e finanziaria, passaggi generazionali. Pubblica abitualmente su Il Sole 24 Ore e riviste specialistiche del gruppo, per il quale \u00e8 relatore in convegni e conferenze. E' Direttore Responsabile della rivista \"Diritto della Crisi\" e Presidente Europeo del Debt Collection, Restructuring &amp; Insolvency PG di GGI. - Profession: Chartered Accountant Areas of expertise : M&amp;A, business plans, Assistance to globalization of the activity - ww specialized assistance with GGI, Control of management and reporting costs. Chartered Accountant, Auditor of Accounts, after his congratulation, he gained experience working with Prof. Massimo Saita, Professor of General Accounting at the University of Milan. Since then, he has worked in the M&amp;A areas, extraordinary operations, economic-financial planning. A lecturer for years in Business Strategies and Policies, Planning and Control and Accounting for capital Market at the Faculty of Economics of the University of Verona. Currently, he mainly deals with M&amp;A, re-organization and re-start plans for companies and individuals, economic and financial planning in teams with strategy and marketing professionals, generational transfers, extraordinary operations, tax and corporate consultancy. He regularly publishes in Il Sole 24 Ore and specialized magazines of the group and participates in conference activities. - Wirtschaftspr\u00fcfer FachgebieteM &amp; A, Businessplan, Unterst\u00fctzung bei der Globalisierung der T\u00e4tigkeit spezialisierte Unterst\u00fctzung ww mit GGI, Management Kostenkontrolle und Reporting. Chartered Accountant, Auditor, sammelte seine Erfahrungen in den Jahren nach dem Studium im B\u00fcro von Prof. Massimo Saita, Professor f\u00fcr Allgemeines Rechnungswesen an der Universit\u00e4t Mailand, und arbeitet seither in den Bereichen M&amp;A, au\u00dferordentliche Transaktionen, Wirtschafts- und Finanzplanung. Langj\u00e4hriger Vertragsprofessor f\u00fcr Unternehmensstrategien und -politiken, Planung und Kontrolle sowie Rechnungswesen f\u00fcr Kapitalm\u00e4rkte an der Fakult\u00e4t f\u00fcr Wirtschaftswissenschaften der Universit\u00e4t Verona. Heute besch\u00e4ftigt er sich haupts\u00e4chlich mit M&amp;A, Turnaround- und Re-Start-Pl\u00e4nen, f\u00fcr Unternehmen und Einzelpersonen, Wirtschafts- und Finanzplanung im Team mit Strategie- und Marketingexperten, Generationswechsel, au\u00dfergew\u00f6hnlichen Transaktionen, Steuer- und Unternehmensberatung. Er publiziert regelm\u00e4\u00dfig in Il Sole 24 Ore und in den Fachzeitschriften der Gruppe, f\u00fcr die er auch als Sprecher t\u00e4tig ist.","sameAs":["https:\/\/it.linkedin.com\/pub\/claudio-ceradini\/27\/608\/1\/en","https:\/\/twitter.com\/@CeradiniClaudio"],"url":"https:\/\/www.slt.vr.it\/en\/author\/claudio-ceradini\/"}]}},"_links":{"self":[{"href":"https:\/\/www.slt.vr.it\/en\/wp-json\/wp\/v2\/posts\/11285"}],"collection":[{"href":"https:\/\/www.slt.vr.it\/en\/wp-json\/wp\/v2\/posts"}],"about":[{"href":"https:\/\/www.slt.vr.it\/en\/wp-json\/wp\/v2\/types\/post"}],"author":[{"embeddable":true,"href":"https:\/\/www.slt.vr.it\/en\/wp-json\/wp\/v2\/users\/3"}],"replies":[{"embeddable":true,"href":"https:\/\/www.slt.vr.it\/en\/wp-json\/wp\/v2\/comments?post=11285"}],"version-history":[{"count":2,"href":"https:\/\/www.slt.vr.it\/en\/wp-json\/wp\/v2\/posts\/11285\/revisions"}],"predecessor-version":[{"id":16453,"href":"https:\/\/www.slt.vr.it\/en\/wp-json\/wp\/v2\/posts\/11285\/revisions\/16453"}],"wp:featuredmedia":[{"embeddable":true,"href":"https:\/\/www.slt.vr.it\/en\/wp-json\/wp\/v2\/media\/11287"}],"wp:attachment":[{"href":"https:\/\/www.slt.vr.it\/en\/wp-json\/wp\/v2\/media?parent=11285"}],"wp:term":[{"taxonomy":"category","embeddable":true,"href":"https:\/\/www.slt.vr.it\/en\/wp-json\/wp\/v2\/categories?post=11285"},{"taxonomy":"post_tag","embeddable":true,"href":"https:\/\/www.slt.vr.it\/en\/wp-json\/wp\/v2\/tags?post=11285"}],"curies":[{"name":"wp","href":"https:\/\/api.w.org\/{rel}","templated":true}]}}